{"id":737,"date":"2022-09-15T14:35:16","date_gmt":"2022-09-15T17:35:16","guid":{"rendered":"https:\/\/dimasconstrucoes.com.br\/blog\/?p=737"},"modified":"2024-01-16T16:40:32","modified_gmt":"2024-01-16T18:40:32","slug":"casacor-sc-2022","status":"publish","type":"post","link":"https:\/\/dimasconstrucoes.com.br\/blog\/estilo-de-vida\/casacor-sc-2022\/","title":{"rendered":"CASACOR SC 2022: o que voc\u00ea precisar saber sobre a mostra de Arquitetura, Design e Paisagismo"},"content":{"rendered":"\n<p><em>Edi\u00e7\u00e3o CASACOR SC 2022 ocorre de 18 de setembro a 30 de outubro na antiga Escola Silveira de Souza, no Centro de Florian\u00f3polis<\/em><\/p>\n\n\n<div class=\"wp-block-image\">\n<figure class=\"aligncenter size-large is-resized\"><img decoding=\"async\" loading=\"lazy\" src=\"https:\/\/dimasconstrucoes.com.br\/blog\/wp-content\/uploads\/2022\/09\/Prancheta-1-1003x564.png\" alt=\"\" class=\"wp-image-769\" width=\"752\" height=\"423\" srcset=\"https:\/\/dimasconstrucoes.com.br\/blog\/wp-content\/uploads\/2022\/09\/Prancheta-1-1003x564.png 1003w, https:\/\/dimasconstrucoes.com.br\/blog\/wp-content\/uploads\/2022\/09\/Prancheta-1-400x225.png 400w, https:\/\/dimasconstrucoes.com.br\/blog\/wp-content\/uploads\/2022\/09\/Prancheta-1-768x432.png 768w, https:\/\/dimasconstrucoes.com.br\/blog\/wp-content\/uploads\/2022\/09\/Prancheta-1-1536x864.png 1536w, https:\/\/dimasconstrucoes.com.br\/blog\/wp-content\/uploads\/2022\/09\/Prancheta-1.png 1920w\" sizes=\"(max-width: 752px) 100vw, 752px\" \/><figcaption class=\"wp-element-caption\">Foto Divulga\u00e7\u00e3o Willian Martins\/CASACOR 2022<\/figcaption><\/figure><\/div>\n\n\n<p><\/p>\n\n\n\n<p>A CASACOR \u00e9 o evento que n\u00e3o pode faltar na agenda de admiradores de arquitetura, design de interiores e paisagismo. A cada edi\u00e7\u00e3o, um elenco selecionado de profissionais apresenta as tend\u00eancias e inova\u00e7\u00f5es da \u00e1rea, com projetos desenvolvidos dentro de um conceito geral e em locais ic\u00f4nicos das cidades onde a mostra \u00e9 realizada \u2013 o que sempre garante um charme extra \u00e0s atra\u00e7\u00f5es. Neste ano, o tema da CASACOR Santa Catarina \u00e9 \u201cInfinito Particular\u201d, e <strong>o evento estar\u00e1 aberto \u00e0 visita\u00e7\u00e3o de 18 de setembro a 30 de outubro na antiga <a href=\"https:\/\/www.google.com\/maps\/place\/Centro+Cultural+Silveira+de+Souza\/@-27.5875753,-48.5462785,3a,75y,90t\/data=!3m8!1e2!3m6!1sAF1QipOpv17OtjiIx6wkZlhuzey00UUNZGfIGpFXaTMa!2e10!3e12!6shttps:%2F%2Flh5.googleusercontent.com%2Fp%2FAF1QipOpv17OtjiIx6wkZlhuzey00UUNZGfIGpFXaTMa%3Dw203-h152-k-no!7i4096!8i3072!4m9!3m8!1s0x952738164df604d7:0x78d692166de524cc!8m2!3d-27.5876979!4d-48.5464591!10e5!14m1!1BCgIgAQ!16s%2Fg%2F1thkyfgf?entry=ttu\">Escola Silveira de Souza<\/a>, na regi\u00e3o central de Florian\u00f3polis.<\/strong><\/p>\n\n\n\n<p>Ser\u00e3o apresentados 28 ambientes, incluindo propostas residenciais, comerciais e gastron\u00f4micas, como cozinhas, su\u00edtes, salas de estar,<em> lofts<\/em>, <em>livings<\/em>, bar, restaurante e loja, e espa\u00e7os externos para o p\u00fablico aproveitar. Al\u00e9m de ser uma vitrine para os profissionais envolvidos na cria\u00e7\u00e3o dos projetos, a CASACOR \u00e9 uma oportunidade para se atualizar em novidades sobre acabamentos, padr\u00f5es construtivos, design de mobili\u00e1rio, tecnologia e solu\u00e7\u00f5es em automa\u00e7\u00e3o residencial e corporativa.<\/p>\n\n\n\n<h2 class=\"wp-block-heading\"><strong>Legado para Florian\u00f3polis<\/strong><\/h2>\n\n\n\n<p>Patrim\u00f4nio arquitet\u00f4nico da cidade, o casar\u00e3o constru\u00eddo h\u00e1 109 anos foi revitalizado para receber a CASACOR 2022 e depois ser\u00e1 devolvido ao p\u00fablico na forma de um Centro Cultural. O pr\u00e9dio j\u00e1 foi usado para escola de ensino superior, de Educa\u00e7\u00e3o de Jovens e Adultos (EJA) e sede da Escola Livre de Artes, projeto da Funda\u00e7\u00e3o Cultural de Florian\u00f3polis Franklin Cascaes.<\/p>\n\n\n\n<p>Agora, a Escola Silveira de Souza ser\u00e1 transformada em um espa\u00e7o cultural, que oferecer\u00e1 diversas atividades art\u00edsticas de forma gratuita, como hip hop, teatro, dan\u00e7a, m\u00fasica, literatura, saraus e piquenique. Um novo <a href=\"https:\/\/dimasconstrucoes.com.br\/blog\/estilo-de-vida\/passeios-culturais-no-centro-de-florianopolis\/\">ponto de encontro na cidade!<\/a> Para que isso aconte\u00e7a, a organiza\u00e7\u00e3o da mostra providenciou novas estruturas para manter seu funcionamento. Finalizada a CASACOR SC 2022, permanecer\u00e3o o caf\u00e9 na \u00e1rea externa e os banheiros.<\/p>\n\n\n\n<div class=\"wp-block-group is-layout-flow\"><div class=\"wp-block-group__inner-container\">\n<div class=\"wp-block-columns is-layout-flex wp-container-2\">\n<div class=\"wp-block-column is-layout-flow\" style=\"flex-basis:100%\"><div class=\"wp-block-image\">\n<figure class=\"aligncenter size-large is-resized\"><img decoding=\"async\" loading=\"lazy\" src=\"https:\/\/dimasconstrucoes.com.br\/blog\/wp-content\/uploads\/2022\/09\/SDASDASDS-422x564.jpg\" alt=\"Escola Silveira de Souza, uma casa antiga na cor laranja - sede da CASACOR Santa Catarina 2022\" class=\"wp-image-739\" width=\"317\" height=\"423\" srcset=\"https:\/\/dimasconstrucoes.com.br\/blog\/wp-content\/uploads\/2022\/09\/SDASDASDS-422x564.jpg 422w, https:\/\/dimasconstrucoes.com.br\/blog\/wp-content\/uploads\/2022\/09\/SDASDASDS-225x300.jpg 225w, https:\/\/dimasconstrucoes.com.br\/blog\/wp-content\/uploads\/2022\/09\/SDASDASDS.jpg 706w\" sizes=\"(max-width: 317px) 100vw, 317px\" \/><figcaption class=\"wp-element-caption\">Escola Silveira de Souza \u2013 sede da CASACOR Santa Catarina 2022 | Divulga\u00e7\u00e3o\/CASACOR<br><\/figcaption><\/figure><\/div><\/div>\n<\/div>\n<\/div><\/div>\n\n\n\n<h2 class=\"wp-block-heading\">Quem participa<\/h2>\n\n\n\n<p style=\"font-size:16px\">Marcam presen\u00e7a na CASACOR 2022 nomes j\u00e1 conhecidos de outras edi\u00e7\u00f5es, como Anna Maya, Ana Trevisan, Beto Gebara e Marila Fil\u00e1rtiga, Fabio Vitorino e Lais Forte, Gabriel Bordin, Leandro Sumar, Lucas Vitorino e Chara Kokowise, Mariana Maisonnave, Michael Zanghelini e Nat\u00e1lia Xavier. Tamb\u00e9m participam Anderson Schussler, Cris Passing, Caroline Porto e Isadora Maestri, Cris Delpizzo e Giovani Delpizzo, Daniel Ghizi, Estela Cislaghi, Fernando Dal Bosco, Juliana Loffi, Marcelo Salum, Marisa Lebarbechon, Isabel Mercadante e Thais Giusti.<\/p>\n\n\n\n<p style=\"font-size:16px\">Entre os profissionais quem fazem sua estreia na mostra est\u00e3o Carolina Pellenz Kreusch, Emanueli Schneiders, Francine Pereira, Fernanda Sacks, Felipe Muller, Gustavo Assis, Jessica Folster Pereira, Maria Alice Crippa, Maria Cristina Iglesias Congosto, Mariana Cristina Alves Botelho, Mariana de Souza da Silveira, Rodrigo Gheller e Tiago Bortolan\u00e7a.<\/p>\n","protected":false},"excerpt":{"rendered":"<p>Edi\u00e7\u00e3o CASACOR SC 2022 ocorre de 18 de setembro a 30 de&#8230;<\/p>\n","protected":false},"author":5,"featured_media":780,"comment_status":"open","ping_status":"open","sticky":false,"template":"","format":"standard","meta":[],"categories":[3],"tags":[32,104,105,106],"_links":{"self":[{"href":"https:\/\/dimasconstrucoes.com.br\/blog\/wp-json\/wp\/v2\/posts\/737"}],"collection":[{"href":"https:\/\/dimasconstrucoes.com.br\/blog\/wp-json\/wp\/v2\/posts"}],"about":[{"href":"https:\/\/dimasconstrucoes.com.br\/blog\/wp-json\/wp\/v2\/types\/post"}],"author":[{"embeddable":true,"href":"https:\/\/dimasconstrucoes.com.br\/blog\/wp-json\/wp\/v2\/users\/5"}],"replies":[{"embeddable":true,"href":"https:\/\/dimasconstrucoes.com.br\/blog\/wp-json\/wp\/v2\/comments?post=737"}],"version-history":[{"count":26,"href":"https:\/\/dimasconstrucoes.com.br\/blog\/wp-json\/wp\/v2\/posts\/737\/revisions"}],"predecessor-version":[{"id":1622,"href":"https:\/\/dimasconstrucoes.com.br\/blog\/wp-json\/wp\/v2\/posts\/737\/revisions\/1622"}],"wp:featuredmedia":[{"embeddable":true,"href":"https:\/\/dimasconstrucoes.com.br\/blog\/wp-json\/wp\/v2\/media\/780"}],"wp:attachment":[{"href":"https:\/\/dimasconstrucoes.com.br\/blog\/wp-json\/wp\/v2\/media?parent=737"}],"wp:term":[{"taxonomy":"category","embeddable":true,"href":"https:\/\/dimasconstrucoes.com.br\/blog\/wp-json\/wp\/v2\/categories?post=737"},{"taxonomy":"post_tag","embeddable":true,"href":"https:\/\/dimasconstrucoes.com.br\/blog\/wp-json\/wp\/v2\/tags?post=737"}],"curies":[{"name":"wp","href":"https:\/\/api.w.org\/{rel}","templated":true}]}}