{"id":3446,"date":"2026-08-31T15:44:42","date_gmt":"2026-08-31T18:44:42","guid":{"rendered":"https:\/\/dimasconstrucoes.com.br\/blog\/?p=3446"},"modified":"2026-08-31T15:44:43","modified_gmt":"2026-08-31T18:44:43","slug":"plantio-mudas-nativas-florianopolis-grupo-dimas","status":"publish","type":"post","link":"https:\/\/dimasconstrucoes.com.br\/blog\/estilo-de-vida\/plantio-mudas-nativas-florianopolis-grupo-dimas\/","title":{"rendered":"Grupo Dimas promove plantio de 200 mudas nativas da Mata Atl\u00e2ntica em Canasvieiras, Florian\u00f3polis"},"content":{"rendered":"\n<p>No m\u00eas de agosto, os colaboradores do Grupo Dimas se reuniram no gramado da <a href=\"https:\/\/www.acmp.org.br\/index.html\">Associa\u00e7\u00e3o Catarinense do Minist\u00e9rio P\u00fablico<\/a> (ACMP), em Canasvieiras, em Florian\u00f3polis, para plantar 200 \u00e1rvores nativas da Mata Atl\u00e2ntica. A <a href=\"https:\/\/www.deolhonailha.com.br\/florianopolis\/noticias\/grupo-dimas-amplia-estrategia-climatica-e-celebra-50-anos-com-acao-de-restauracao-da-mata-atlantica\/\">a\u00e7\u00e3o de restaura\u00e7\u00e3o florestal<\/a> proporcionou ao nosso time uma experi\u00eancia alinhada com o que acreditamos sobre construir melhores maneiras de aproveitar a cidade e o futuro.&nbsp;<\/p>\n\n\n\n<h2 class=\"wp-block-heading\"><strong>Cuidar do presente \u00e9 o Jeito Dimas<\/strong><\/h2>\n\n\n\n<p>Para n\u00f3s, construir o futuro tamb\u00e9m passa por cuidar do presente e do ambiente que todos compartilham. Acreditamos que \u00e9 nosso dever impactar positivamente no entorno dos nossos empreendimentos, contribuir para a melhoria das comunidades e ajudar no desenvolvimento da infraestrutura p\u00fablica.<\/p>\n\n\n\n<figure class=\"wp-block-image size-large\"><img decoding=\"async\" loading=\"lazy\" width=\"853\" height=\"564\" src=\"https:\/\/dimasconstrucoes.com.br\/blog\/wp-content\/uploads\/2026\/08\/Captura-de-tela-2026-08-31-142104-853x564.png\" alt=\"pessoas reunidas realizando o plantio de mudas nativas em Florian\u00f3polis\" class=\"wp-image-3451\" srcset=\"https:\/\/dimasconstrucoes.com.br\/blog\/wp-content\/uploads\/2026\/08\/Captura-de-tela-2026-08-31-142104-853x564.png 853w, https:\/\/dimasconstrucoes.com.br\/blog\/wp-content\/uploads\/2026\/08\/Captura-de-tela-2026-08-31-142104-400x264.png 400w, https:\/\/dimasconstrucoes.com.br\/blog\/wp-content\/uploads\/2026\/08\/Captura-de-tela-2026-08-31-142104-768x508.png 768w, https:\/\/dimasconstrucoes.com.br\/blog\/wp-content\/uploads\/2026\/08\/Captura-de-tela-2026-08-31-142104.png 1404w\" sizes=\"(max-width: 853px) 100vw, 853px\" \/><\/figure>\n\n\n\n<p>E para marcar a celebra\u00e7\u00e3o dos 50 anos do Grupo Dimas de um jeito alinhado aos nossos valores, realizamos esta a\u00e7\u00e3o, que faz parte da metodologia de Plantio de Integra\u00e7\u00e3o, desenvolvida em parceria com a <a href=\"https:\/\/carbonfreebrasil.com\/\">Carbon Free Brasil<\/a>, a fim de aproximar a estrat\u00e9gia clim\u00e1tica das empresas de experi\u00eancias pr\u00e1ticas de restaura\u00e7\u00e3o e conscientiza\u00e7\u00e3o ambiental.&nbsp;<\/p>\n\n\n\n<p>Ao longo do encontro, foram plantadas 200 mudas de esp\u00e9cies nativas da Mata Atl\u00e2ntica, entre elas araticum-do-brejo, baga-de-morcego, olandi, ip\u00ea e bagua\u00e7u, escolhidas por fazerem parte do bioma que cobre a regi\u00e3o.<\/p>\n\n\n\n<p>O dia tamb\u00e9m contou com din\u00e2micas de educa\u00e7\u00e3o ambiental e um piquenique, reunindo diferentes gera\u00e7\u00f5es da empresa em torno do mesmo prop\u00f3sito.<\/p>\n\n\n\n<figure class=\"wp-block-image size-large\"><img decoding=\"async\" loading=\"lazy\" width=\"851\" height=\"564\" src=\"https:\/\/dimasconstrucoes.com.br\/blog\/wp-content\/uploads\/2026\/08\/Captura-de-tela-2026-08-31-142121-851x564.png\" alt=\"pessoas reunidas em um c\u00edrculo de conversa com piquenique e plantio de mudas nativas em Florian\u00f3polis\" class=\"wp-image-3452\" srcset=\"https:\/\/dimasconstrucoes.com.br\/blog\/wp-content\/uploads\/2026\/08\/Captura-de-tela-2026-08-31-142121-851x564.png 851w, https:\/\/dimasconstrucoes.com.br\/blog\/wp-content\/uploads\/2026\/08\/Captura-de-tela-2026-08-31-142121-400x265.png 400w, https:\/\/dimasconstrucoes.com.br\/blog\/wp-content\/uploads\/2026\/08\/Captura-de-tela-2026-08-31-142121-768x509.png 768w, https:\/\/dimasconstrucoes.com.br\/blog\/wp-content\/uploads\/2026\/08\/Captura-de-tela-2026-08-31-142121.png 1400w\" sizes=\"(max-width: 851px) 100vw, 851px\" \/><\/figure>\n\n\n\n<h2 class=\"wp-block-heading\"><strong>Grupo Dimas e Carbon Free Brasil<\/strong><\/h2>\n\n\n\n<p>Desde 2022, o Grupo Dimas desenvolve com a startup <a href=\"https:\/\/carbonfreebrasil.com\/\">Carbon Free Brasil<\/a> um programa de gest\u00e3o de emiss\u00f5es que envolve invent\u00e1rio, compensa\u00e7\u00e3o e a certifica\u00e7\u00e3o Carbon Free\u00ae. Atualmente, o programa contempla 13 unidades do Grupo. Ao longo dessa parceria, as unidades participantes e a <a href=\"https:\/\/www.wecharge.com.br\/\">WeCharge<\/a> j\u00e1 compensaram juntas 447 toneladas de CO2 e, a meta para 2026 \u00e9 neutralizar mais 305 toneladas.<\/p>\n\n\n\n<figure class=\"wp-block-image size-large\"><img decoding=\"async\" loading=\"lazy\" width=\"846\" height=\"564\" src=\"https:\/\/dimasconstrucoes.com.br\/blog\/wp-content\/uploads\/2026\/08\/Jsom00050-846x564.jpg\" alt=\"casal sorrindo para a foto segurando uma \u00e1rvore rec\u00e9m plantada numa a\u00e7\u00e3o de plantio de mudas nativas em Florian\u00f3polis\" class=\"wp-image-3448\" srcset=\"https:\/\/dimasconstrucoes.com.br\/blog\/wp-content\/uploads\/2026\/08\/Jsom00050-846x564.jpg 846w, https:\/\/dimasconstrucoes.com.br\/blog\/wp-content\/uploads\/2026\/08\/Jsom00050-400x267.jpg 400w, https:\/\/dimasconstrucoes.com.br\/blog\/wp-content\/uploads\/2026\/08\/Jsom00050-768x512.jpg 768w, https:\/\/dimasconstrucoes.com.br\/blog\/wp-content\/uploads\/2026\/08\/Jsom00050-1536x1024.jpg 1536w, https:\/\/dimasconstrucoes.com.br\/blog\/wp-content\/uploads\/2026\/08\/Jsom00050-2048x1365.jpg 2048w\" sizes=\"(max-width: 846px) 100vw, 846px\" \/><\/figure>\n\n\n\n<p>O <a href=\"https:\/\/informefloripa.com\/grupo-dimas-celebra-50-anos-com-acao-de-restauracao-da-mata-atlantica\/\">plantio em Canasvieiras<\/a> d\u00e1 sequ\u00eancia a outras a\u00e7\u00f5es da parceria, que j\u00e1 passaram pelo Jardim Bot\u00e2nico de Florian\u00f3polis e por \u00e1reas de restaura\u00e7\u00e3o em S\u00e3o Paulo.&nbsp;<\/p>\n\n\n\n<p>Esse mesmo objetivo orienta outras frentes do Grupo Dimas, como o avan\u00e7o da eletrifica\u00e7\u00e3o e a estrutura de recarga da WeCharge. Mobilidade, desenvolvimento urbano e cuidado ambiental caminham juntos na forma como pensamos nossos neg\u00f3cios e essa a\u00e7\u00e3o foi mais uma etapa da nossa trajet\u00f3ria que segue crescendo a cada ano, com novas unidades e novas parcerias.<\/p>\n\n\n\n<figure class=\"wp-block-image size-large\"><img decoding=\"async\" loading=\"lazy\" width=\"848\" height=\"564\" src=\"https:\/\/dimasconstrucoes.com.br\/blog\/wp-content\/uploads\/2026\/08\/Captura-de-tela-2026-08-31-142139-848x564.png\" alt=\"equipe reunida para o dia do plantio de mudas nativas em Florian\u00f3polis\" class=\"wp-image-3453\" srcset=\"https:\/\/dimasconstrucoes.com.br\/blog\/wp-content\/uploads\/2026\/08\/Captura-de-tela-2026-08-31-142139-848x564.png 848w, https:\/\/dimasconstrucoes.com.br\/blog\/wp-content\/uploads\/2026\/08\/Captura-de-tela-2026-08-31-142139-400x266.png 400w, https:\/\/dimasconstrucoes.com.br\/blog\/wp-content\/uploads\/2026\/08\/Captura-de-tela-2026-08-31-142139-768x511.png 768w, https:\/\/dimasconstrucoes.com.br\/blog\/wp-content\/uploads\/2026\/08\/Captura-de-tela-2026-08-31-142139.png 1402w\" sizes=\"(max-width: 848px) 100vw, 848px\" \/><\/figure>\n\n\n\n<p>Quer conhecer o prop\u00f3sito por tr\u00e1s de cada a\u00e7\u00e3o da Dimas?<a href=\"https:\/\/www.dimasconstrucoes.com.br\/jeito-dimas\/\"> Acesse a p\u00e1gina do Jeito Dimas<\/a> e saiba mais.<\/p>\n","protected":false},"excerpt":{"rendered":"<p>No m\u00eas de agosto, os colaboradores do Grupo Dimas se reuniram no&#8230;<\/p>\n","protected":false},"author":5,"featured_media":3450,"comment_status":"open","ping_status":"open","sticky":false,"template":"","format":"standard","meta":[],"categories":[3],"tags":[],"_links":{"self":[{"href":"https:\/\/dimasconstrucoes.com.br\/blog\/wp-json\/wp\/v2\/posts\/3446"}],"collection":[{"href":"https:\/\/dimasconstrucoes.com.br\/blog\/wp-json\/wp\/v2\/posts"}],"about":[{"href":"https:\/\/dimasconstrucoes.com.br\/blog\/wp-json\/wp\/v2\/types\/post"}],"author":[{"embeddable":true,"href":"https:\/\/dimasconstrucoes.com.br\/blog\/wp-json\/wp\/v2\/users\/5"}],"replies":[{"embeddable":true,"href":"https:\/\/dimasconstrucoes.com.br\/blog\/wp-json\/wp\/v2\/comments?post=3446"}],"version-history":[{"count":3,"href":"https:\/\/dimasconstrucoes.com.br\/blog\/wp-json\/wp\/v2\/posts\/3446\/revisions"}],"predecessor-version":[{"id":3456,"href":"https:\/\/dimasconstrucoes.com.br\/blog\/wp-json\/wp\/v2\/posts\/3446\/revisions\/3456"}],"wp:featuredmedia":[{"embeddable":true,"href":"https:\/\/dimasconstrucoes.com.br\/blog\/wp-json\/wp\/v2\/media\/3450"}],"wp:attachment":[{"href":"https:\/\/dimasconstrucoes.com.br\/blog\/wp-json\/wp\/v2\/media?parent=3446"}],"wp:term":[{"taxonomy":"category","embeddable":true,"href":"https:\/\/dimasconstrucoes.com.br\/blog\/wp-json\/wp\/v2\/categories?post=3446"},{"taxonomy":"post_tag","embeddable":true,"href":"https:\/\/dimasconstrucoes.com.br\/blog\/wp-json\/wp\/v2\/tags?post=3446"}],"curies":[{"name":"wp","href":"https:\/\/api.w.org\/{rel}","templated":true}]}}