{"id":1305,"date":"2023-03-28T10:35:38","date_gmt":"2023-03-28T13:35:38","guid":{"rendered":"https:\/\/dimasconstrucoes.com.br\/blog\/?p=1305"},"modified":"2023-06-28T16:36:51","modified_gmt":"2023-06-28T19:36:51","slug":"passeios-culturais-em-florianopolis","status":"publish","type":"post","link":"https:\/\/dimasconstrucoes.com.br\/blog\/estilo-de-vida\/passeios-culturais-em-florianopolis\/","title":{"rendered":"5 passeios culturais no Centro de Florian\u00f3polis"},"content":{"rendered":"\n<p>Amplamente conhecida pelas praias, Florian\u00f3polis tamb\u00e9m possui in\u00fameras op\u00e7\u00f5es de programas culturais na regi\u00e3o do Centro da cidade. Diferentes museus e pontos tur\u00edsticos ajudam a contar sua rica hist\u00f3ria e a celebrar grandes artistas catarinenses.  Assim, para ajudar quem est\u00e1 \u00e0 procura de dicas, preparamos uma lista com cinco <strong>passeios culturais em Florian\u00f3polis<\/strong>. S\u00e3o op\u00e7\u00f5es imperd\u00edveis para quem aprecia arte, hist\u00f3ria e quer saber mais sobre a Capital de Santa Catarina.<\/p>\n\n\n\n<h2 class=\"wp-block-heading\"><strong>1 &#8211; Museu Hist\u00f3rico de Santa Catarina &#8211; Pal\u00e1cio Cruz e Sousa<\/strong><\/h2>\n\n\n\n<p>Come\u00e7amos com o <a href=\"https:\/\/www.google.com\/maps\/place\/Museu+Hist%C3%B3rico+de+Santa+Catarina+-+Pal%C3%A1cio+Cruz+e+Sousa\/@-27.0290185,-50.9033547,8z\/data=!4m10!1m2!2m1!1smuseu+hist%C3%B3rico+de+santa+catarina!3m6!1s0x95273830492fb1af:0xbec8c5bb4bd5704!8m2!3d-27.5967029!4d-48.5500119!15sCiJtdXNldSBoaXN0w7NyaWNvIGRlIHNhbnRhIGNhdGFyaW5hkgEOaGlzdG9yeV9tdXNldW3gAQA!16s%2Fg%2F122z2dtz?entry=ttu\"><strong>Museu Hist\u00f3rico de Santa Catarina<\/strong><\/a> (MHSC), sediado no Pal\u00e1cio Cruz e Sousa. Localizado no cora\u00e7\u00e3o da Ilha, junto \u00e0 Pra\u00e7a XV de Novembro, ele fica num dos endere\u00e7os mais tradicionais da Capital catarinense.<\/p>\n\n\n\n<p>E a hist\u00f3ria do pr\u00e9dio se mistura \u00e0 da pr\u00f3pria cidade. A edifica\u00e7\u00e3o foi erguida em meados do s\u00e9culo XVIII, para abrigar a nova \u201cCasa do Governo\u201d, quando Florian\u00f3polis ainda se chamava \u201cIlha do Desterro\u201d. Foi sede do governo do Estado at\u00e9 1984 e, dois anos mais tarde, passou a sediar o museu.<\/p>\n\n\n<div class=\"wp-block-image\">\n<figure class=\"aligncenter size-large is-resized\"><img decoding=\"async\" loading=\"lazy\" src=\"https:\/\/dimasconstrucoes.com.br\/blog\/wp-content\/uploads\/2023\/03\/museu-historico-de-sc-palacio-cruz-e-sousa-846x564.jpg\" alt=\"Passeios culturais em Florian\u00f3polis: Vista da fachada do Museu Hist\u00f3rico de Santa Catarina - Pal\u00e1cio Cruz e Sousa, no Centro de Florian\u00f3polis\" class=\"wp-image-1306\" width=\"635\" height=\"423\" srcset=\"https:\/\/dimasconstrucoes.com.br\/blog\/wp-content\/uploads\/2023\/03\/museu-historico-de-sc-palacio-cruz-e-sousa-846x564.jpg 846w, https:\/\/dimasconstrucoes.com.br\/blog\/wp-content\/uploads\/2023\/03\/museu-historico-de-sc-palacio-cruz-e-sousa-400x267.jpg 400w, https:\/\/dimasconstrucoes.com.br\/blog\/wp-content\/uploads\/2023\/03\/museu-historico-de-sc-palacio-cruz-e-sousa-768x512.jpg 768w, https:\/\/dimasconstrucoes.com.br\/blog\/wp-content\/uploads\/2023\/03\/museu-historico-de-sc-palacio-cruz-e-sousa.jpg 960w\" sizes=\"(max-width: 635px) 100vw, 635px\" \/><figcaption class=\"wp-element-caption\">Museu Hist\u00f3rico de Santa Catarina &#8211; Pal\u00e1cio Cruz e Sousa, um dos endere\u00e7os mais cl\u00e1ssicos da cidade de Florian\u00f3polis<\/figcaption><\/figure><\/div>\n\n\n<p>A visita\u00e7\u00e3o permite um passeio pelos c\u00f4modos do pal\u00e1cio, onde s\u00e3o encontrados m\u00f3veis, pinturas, fotos e diversos itens dos s\u00e9culos XVIII, XIX e XX, em um acervo que reconta parte da hist\u00f3ria de Santa Catarina. Do mesmo modo, o espa\u00e7o tamb\u00e9m abriga diferentes exposi\u00e7\u00f5es.<\/p>\n\n\n\n<p>Por fim, na parte externa, \u00e9 poss\u00edvel apreciar os jardins do pr\u00e9dio. Uma das vistas d\u00e1 para um grandioso mural com um desenho do rosto do poeta catarinense Cruz e Sousa, que d\u00e1 nome ao pal\u00e1cio. Enfim, trata-se de um dos passeios culturais em Florian\u00f3polis mais procurados.<\/p>\n\n\n\n<p><strong>Servi\u00e7o:<\/strong> Aberto de ter\u00e7a a sexta-feira, das 10h \u00e0s 17h; e aos s\u00e1bados das 10h \u00e0s 13h. A entrada custa R$ 5. Mais informa\u00e7\u00f5es no site da <a href=\"https:\/\/www.cultura.sc.gov.br\/espacos\/mhsc\/atendimento\">Funda\u00e7\u00e3o Catarinense de Cultura<\/a>.<\/p>\n\n\n\n<h2 class=\"wp-block-heading\"><strong>2 &#8211; Museu de Florian\u00f3polis<\/strong><\/h2>\n\n\n\n<p>Tamb\u00e9m junto \u00e0 Pra\u00e7a XV, o<a href=\"https:\/\/www.google.com\/maps\/place\/Museu+de+Florian%C3%B3polis\/@-27.5978452,-48.5520589,17z\/data=!3m1!4b1!4m6!3m5!1s0x952739217ac4f957:0xcf93ce9cf3795e0a!8m2!3d-27.59785!4d-48.549484!16s%2Fg%2F11symf3q_j?entry=ttu\"> <strong>Museu de Florian\u00f3polis<\/strong><\/a> \u00e9 outra parada obrigat\u00f3ria entre os passeios culturais no Centro de Florian\u00f3polis. O local, que abriu as portas em novembro de 2021, proporciona uma viagem pela hist\u00f3ria da Ilha.&nbsp;<\/p>\n\n\n\n<p>Com fotos, exposi\u00e7\u00f5es e tecnologia, o passeio incluiu seis m\u00f3dulos propositivos com o objetivo de representar a Capital catarinense em suas variadas dimens\u00f5es.<\/p>\n\n\n\n<p>\u201cFoi idealizado para atuar como um grande portal de acesso ao munic\u00edpio, onde \u00e9 poss\u00edvel conhecer a cidade, de forma interativa, e compreend\u00ea-la em sua contemporaneidade\u201d, resume o texto de apresenta\u00e7\u00e3o no site do <a href=\"https:\/\/www.sesc-sc.com.br\/museudeflorianopolis\/sobre\/o-museu-de-florianopolis\">Servi\u00e7o do Com\u00e9rcio (Sesc-SC)<\/a>, entidade respons\u00e1vel pela gest\u00e3o do museu.<\/p>\n\n\n\n<p>Por fim, o espa\u00e7o f\u00edsico inclui um sobrado hist\u00f3rico, onde funcionou a antiga Casa da C\u00e2mara e Cadeia, edifica\u00e7\u00e3o erguida entre 1771 e 1780. Al\u00e9m disso, tamb\u00e9m inclui um edif\u00edcio administrativo, constru\u00eddo durante as obras de restaura\u00e7\u00e3o do pr\u00e9dio hist\u00f3rico, em 2015.<\/p>\n\n\n\n<p><strong>Servi\u00e7o: <\/strong>Aberto de segunda a sexta-feira*, das 9h \u00e0s 19h, e das 10h \u00e0s 16h aos finais de semana. A entrada custa R$ 10. Mais informa\u00e7\u00f5es no <a href=\"https:\/\/www.sesc-sc.com.br\/museudeflorianopolis\/portal\/index.php\">site do museu<\/a>. *\u00c0s ter\u00e7as o espa\u00e7o fica fechado para expediente interno.&nbsp;<\/p>\n\n\n\n<h2 class=\"wp-block-heading\"><strong>3 &#8211; Largo da alf\u00e2ndega<\/strong><\/h2>\n\n\n\n<p>Outro passeio cultural em Florian\u00f3polis \u00e9 o<a href=\"https:\/\/www.google.com\/maps\/place\/Largo+da+Alf%C3%A2ndega+-+Centro,+Florian%C3%B3polis+-+SC,+88010-400\/@-27.5976753,-48.554644,17z\/data=!3m1!4b1!4m6!3m5!1s0x95273824509fb53b:0x33e63ed824ff37cf!8m2!3d-27.5976801!4d-48.5520691!16s%2Fg%2F1pwfc11nr?entry=ttu\"> <strong>Largo da Alf\u00e2ndega<\/strong><\/a>. A \u00e1rea fica em frente ao antigo <strong>pr\u00e9dio da Alf\u00e2ndega<\/strong>, edifica\u00e7\u00e3o em estilo neocl\u00e1ssico inaugurada em 1876, e que abrigou as atividades alfandeg\u00e1rias da cidade por mais de 90 anos.<\/p>\n\n\n\n<p>O local, que passou a existir com o aterro da Ba\u00eda Sul, na d\u00e9cada de 70, \u00e9 um importante ponto de encontro da cidade. Da mesma forma, o espa\u00e7o tamb\u00e9m \u00e9 palco para apresenta\u00e7\u00f5es art\u00edsticas e manifesta\u00e7\u00f5es populares.&nbsp;<\/p>\n\n\n<div class=\"wp-block-image\">\n<figure class=\"aligncenter size-full is-resized\"><img decoding=\"async\" loading=\"lazy\" src=\"https:\/\/dimasconstrucoes.com.br\/blog\/wp-content\/uploads\/2023\/03\/largo-da-alfandega-florianopolis.jpg\" alt=\"Passeios culturais em Florian\u00f3polis: Vista a\u00e9rea do Largo da Alf\u00e2ndega, no Centro de Florian\u00f3polis, com o pr\u00e9dio da Alf\u00e2ndega ao fundo \" class=\"wp-image-1307\" width=\"522\" height=\"392\" srcset=\"https:\/\/dimasconstrucoes.com.br\/blog\/wp-content\/uploads\/2023\/03\/largo-da-alfandega-florianopolis.jpg 696w, https:\/\/dimasconstrucoes.com.br\/blog\/wp-content\/uploads\/2023\/03\/largo-da-alfandega-florianopolis-400x300.jpg 400w, https:\/\/dimasconstrucoes.com.br\/blog\/wp-content\/uploads\/2023\/03\/largo-da-alfandega-florianopolis-130x98.jpg 130w\" sizes=\"(max-width: 522px) 100vw, 522px\" \/><figcaption class=\"wp-element-caption\">Vista a\u00e9rea do Largo da Alf\u00e2ndega, ponto tur\u00edstico no Centro da Capital catarinense, ap\u00f3s as obras de revitaliza\u00e7\u00e3o<\/figcaption><\/figure><\/div>\n\n\n<p>Em 2020, o Largo foi totalmente revitalizado, ganhando decks, pontos de descanso e uma \u00e1rea com banheiros, centro de informa\u00e7\u00f5es tur\u00edsticas e um caf\u00e9.&nbsp;<\/p>\n\n\n\n<p>Quem passa por ali pode ver uma grande cobertura met\u00e1lica, que reproduz o formato das rendas de bilro &#8211; tradi\u00e7\u00e3o herdada pelos imigrantes a\u00e7orianos que colonizaram a Ilha de Santa Catarina.&nbsp;<\/p>\n\n\n\n<p>Al\u00e9m disso, outra novidade foi a cria\u00e7\u00e3o dos espelhos d\u2019\u00e1gua, que demarcam a \u00e1rea de chegada do mar quando o espa\u00e7o ainda n\u00e3o havia sido aterrado.<\/p>\n\n\n\n<p><strong>Servi\u00e7o:<\/strong> Sempre aberto<\/p>\n\n\n\n<h2 class=\"wp-block-heading\"><strong>4 &#8211; Mercado P\u00fablico de Florian\u00f3polis<\/strong><\/h2>\n\n\n\n<p>O<a href=\"https:\/\/www.google.com\/maps\/place\/Mercado+P%C3%BAblico+de+Florian%C3%B3polis\/@-27.5971203,-48.5557542,17z\/data=!3m1!4b1!4m6!3m5!1s0x9527382413d70529:0x5ed250f064e1c9a!8m2!3d-27.5971251!4d-48.5531793!16s%2Fg%2F12391zx9?entry=ttu\"> <strong>Mercado P\u00fablico<\/strong><\/a><strong> <\/strong>tamb\u00e9m n\u00e3o pode ficar de fora do roteiro. Muito mais que um programa gastron\u00f4mico, o local faz parte da hist\u00f3ria da cidade e \u00e9 um dos mais cl\u00e1ssicos passeios culturais em Florian\u00f3polis. O pr\u00e9dio fica localizado ao lado da antiga Alf\u00e2ndega, e abriga boxes com diferentes lojas de vestu\u00e1rio, artesanato, servi\u00e7os, al\u00e9m de bares, restaurantes e peixaria.<\/p>\n\n\n\n<p>Em primeiro lugar, \u00e9 poss\u00edvel apreciar pratos t\u00edpicos da gastronomia ilh\u00e9u, como o pastel de berbig\u00e3o. Al\u00e9m disso, o v\u00e3o central da estrutura tamb\u00e9m \u00e9 palco para manifesta\u00e7\u00f5es art\u00edsticas e folcl\u00f3ricas, com apresenta\u00e7\u00f5es de boi de mam\u00e3o ou rodas de samba.<\/p>\n\n\n\n<p>O atual pr\u00e9dio hist\u00f3rico foi constru\u00eddo entre os anos de 1896 e 1899, tendo uma segunda etapa em 1912. A edifica\u00e7\u00e3o \u00e9 composta por duas alas, Norte e Sul, separadas pelo v\u00e3o central. Um dos principais pontos tur\u00edsticos da cidade e um passeio indispens\u00e1vel para conhecer um pouco mais da cultura e da gastronomia de Florian\u00f3polis.<\/p>\n\n\n<div class=\"wp-block-image\">\n<figure class=\"aligncenter size-full is-resized\"><img decoding=\"async\" loading=\"lazy\" src=\"https:\/\/dimasconstrucoes.com.br\/blog\/wp-content\/uploads\/2023\/03\/mercado-publico-florianopolis.png\" alt=\"Passeios culturais em Florian\u00f3polis: Vista da fachada do Mercado P\u00fablico de Florian\u00f3polis\" class=\"wp-image-1308\" width=\"599\" height=\"399\" srcset=\"https:\/\/dimasconstrucoes.com.br\/blog\/wp-content\/uploads\/2023\/03\/mercado-publico-florianopolis.png 798w, https:\/\/dimasconstrucoes.com.br\/blog\/wp-content\/uploads\/2023\/03\/mercado-publico-florianopolis-400x267.png 400w, https:\/\/dimasconstrucoes.com.br\/blog\/wp-content\/uploads\/2023\/03\/mercado-publico-florianopolis-768x512.png 768w\" sizes=\"(max-width: 599px) 100vw, 599px\" \/><figcaption class=\"wp-element-caption\">Mercado P\u00fablico de Florian\u00f3polis \u00e9 um dos passeios culturais e gastron\u00f4micos mais procurados na cidade<\/figcaption><\/figure><\/div>\n\n\n<p><strong>Servi\u00e7o: <\/strong>Aberto de segunda a sexta-feira, das 7h \u00e0s 22h, e s\u00e1bados e domingos das 7h \u00e0s 17h. Mais informa\u00e7\u00f5es no <a href=\"https:\/\/mercadopublicofloripa.com.br\/\">site do Mercado P\u00fablico<\/a>.<\/p>\n\n\n\n<h2 class=\"wp-block-heading\"><strong>5 &#8211; Museu Victor Meirelles<\/strong><\/h2>\n\n\n\n<p>Para os apreciadores de arte, uma visita ao <strong><a href=\"https:\/\/www.google.com\/maps\/place\/Museu+Victor+Meirelles\/@-27.5979627,-48.5515047,17z\/data=!3m1!4b1!4m6!3m5!1s0x952738252c522051:0x1273bcc2cf2cfe70!8m2!3d-27.5979675!4d-48.5489298!16s%2Fg%2F122l3j8b?entry=ttu\">Museu Victor Meirelles<\/a><\/strong> \u00e9 mais um passeio cultural imperd\u00edvel no Centro de Florian\u00f3polis. O espa\u00e7o \u00e9 dedicado \u00e0 preserva\u00e7\u00e3o da mem\u00f3ria e da obra do pintor catarinense Victor Meirelles, um dos grandes expoentes do Romantismo no pa\u00eds.<\/p>\n\n\n\n<p>Inaugurado em 1952, o museu fica na casa onde o artista nasceu, um sobrado de arquitetura luso-brasileira do s\u00e9culo XVIII. O acervo \u00e9 composto por pinturas, desenhos, aquarelas e estudos de diversas fases da carreira do pintor, incluindo obras iniciais como paisagens da antiga Vila do Desterro.&nbsp;<\/p>\n\n\n\n<p>Da mesma forma, o museu tamb\u00e9m engloba um espa\u00e7o cultural de abordagem contempor\u00e2nea, com agenda cultural de exposi\u00e7\u00f5es de nomes da pintura.&nbsp;<\/p>\n\n\n<div class=\"wp-block-image\">\n<figure class=\"aligncenter size-full is-resized\"><img decoding=\"async\" loading=\"lazy\" src=\"https:\/\/dimasconstrucoes.com.br\/blog\/wp-content\/uploads\/2023\/03\/museu-victor-meirelles-florianopolis.jpg\" alt=\"Passeios culturais em Florian\u00f3polis: Fachada do Museu Victor Meirelles, no Centro de Florian\u00f3polis\" class=\"wp-image-1309\" width=\"522\" height=\"347\" srcset=\"https:\/\/dimasconstrucoes.com.br\/blog\/wp-content\/uploads\/2023\/03\/museu-victor-meirelles-florianopolis.jpg 696w, https:\/\/dimasconstrucoes.com.br\/blog\/wp-content\/uploads\/2023\/03\/museu-victor-meirelles-florianopolis-400x266.jpg 400w\" sizes=\"(max-width: 522px) 100vw, 522px\" \/><figcaption class=\"wp-element-caption\">Museu Victor Meirelles funcionada na casa onde o artista nasceu, no Centro de Florian\u00f3polis<\/figcaption><\/figure><\/div>\n\n\n<p><strong>Servi\u00e7o: <\/strong>Aberto \u00e0 visita\u00e7\u00e3o p\u00fablica de ter\u00e7a a sexta-feira, das 10h \u00e0s 18h. A entrada \u00e9 gratuita. Mais informa\u00e7\u00f5es no <a href=\"https:\/\/museuvictormeirelles.museus.gov.br\/\">site do Museu Victor Meirelles<\/a>.<\/p>\n\n\n\n<p>e aos s\u00e1bados das 10 \u00e0s 15h, exceto feriados. A entrada \u00e9 gratuita.&nbsp;<\/p>\n\n\n\n<h2 class=\"wp-block-heading\"><strong>Conhe\u00e7a o D\/Yard<\/strong><\/h2>\n\n\n\n<p>Gostou das dicas? E j\u00e1 pensou na possibilidade de morar numa regi\u00e3o com que diversos servi\u00e7os e in\u00fameras op\u00e7\u00f5es culturais e de lazer? Ent\u00e3o, voc\u00ea precisa conhecer o <a href=\"https:\/\/www.dimasconstrucoes.com.br\/dyard\/#Dyard\">novo empreendimento da Dimas Constru\u00e7\u00f5es<\/a>.<\/p>\n\n\n\n<p>Localizado no Centro de Florian\u00f3polis, o<a href=\"https:\/\/dimasconstrucoes.com.br\/blog\/estilo-de-vida\/d-yard-home-design\/\"> D\/Yard<\/a> \u00e9 a op\u00e7\u00e3o ideal para quem procura bem-estar e conforto num dos bairros mais cl\u00e1ssicos da Capital. O empreendimento conta ainda com uma vegeta\u00e7\u00e3o ao longo de todo o pr\u00e9dio e em conex\u00e3o direta com os apartamentos. Repense o seu conceito de vida e <a href=\"https:\/\/www.dimasconstrucoes.com.br\/dyard\/#Dyard\">conhe\u00e7a todos os detalhes do projeto<\/a>. Se tem D\/, \u00e9 Dimas!<\/p>\n","protected":false},"excerpt":{"rendered":"<p>Amplamente conhecida pelas praias, Florian\u00f3polis tamb\u00e9m possui in\u00fameras op\u00e7\u00f5es de programas culturais&#8230;<\/p>\n","protected":false},"author":5,"featured_media":1308,"comment_status":"open","ping_status":"open","sticky":false,"template":"","format":"standard","meta":[],"categories":[3],"tags":[],"_links":{"self":[{"href":"https:\/\/dimasconstrucoes.com.br\/blog\/wp-json\/wp\/v2\/posts\/1305"}],"collection":[{"href":"https:\/\/dimasconstrucoes.com.br\/blog\/wp-json\/wp\/v2\/posts"}],"about":[{"href":"https:\/\/dimasconstrucoes.com.br\/blog\/wp-json\/wp\/v2\/types\/post"}],"author":[{"embeddable":true,"href":"https:\/\/dimasconstrucoes.com.br\/blog\/wp-json\/wp\/v2\/users\/5"}],"replies":[{"embeddable":true,"href":"https:\/\/dimasconstrucoes.com.br\/blog\/wp-json\/wp\/v2\/comments?post=1305"}],"version-history":[{"count":5,"href":"https:\/\/dimasconstrucoes.com.br\/blog\/wp-json\/wp\/v2\/posts\/1305\/revisions"}],"predecessor-version":[{"id":1737,"href":"https:\/\/dimasconstrucoes.com.br\/blog\/wp-json\/wp\/v2\/posts\/1305\/revisions\/1737"}],"wp:featuredmedia":[{"embeddable":true,"href":"https:\/\/dimasconstrucoes.com.br\/blog\/wp-json\/wp\/v2\/media\/1308"}],"wp:attachment":[{"href":"https:\/\/dimasconstrucoes.com.br\/blog\/wp-json\/wp\/v2\/media?parent=1305"}],"wp:term":[{"taxonomy":"category","embeddable":true,"href":"https:\/\/dimasconstrucoes.com.br\/blog\/wp-json\/wp\/v2\/categories?post=1305"},{"taxonomy":"post_tag","embeddable":true,"href":"https:\/\/dimasconstrucoes.com.br\/blog\/wp-json\/wp\/v2\/tags?post=1305"}],"curies":[{"name":"wp","href":"https:\/\/api.w.org\/{rel}","templated":true}]}}