{"id":1000,"date":"2023-02-06T15:08:59","date_gmt":"2023-02-06T17:08:59","guid":{"rendered":"https:\/\/dimasconstrucoes.com.br\/blog\/?p=1000"},"modified":"2023-06-28T16:33:01","modified_gmt":"2023-06-28T19:33:01","slug":"casacor-sc-2023","status":"publish","type":"post","link":"https:\/\/dimasconstrucoes.com.br\/blog\/estilo-de-vida\/casacor-sc-2023\/","title":{"rendered":"Hotel Maria do Mar, em Florian\u00f3polis,<br>receber\u00e1 CASACOR\/SC 2023"},"content":{"rendered":"\n<blockquote class=\"wp-block-quote\">\n<p><em>Espa\u00e7o, que hoje pertence \u00e0 Dimas Constru\u00e7\u00f5es, ser\u00e1 palco da <strong>CASACOR\/ Santa Catarina 2023<\/strong>, mostra que come\u00e7a em 16 de setembro.<\/em><\/p>\n<\/blockquote>\n\n\n\n<p>Uma \u00e1rea imensa localizada em meio ao verde, de frente para a <a href=\"https:\/\/www.google.com\/maps?output=search&amp;q=baia+norte&amp;entry=mc&amp;sa=X&amp;ved=2ahUKEwiryrH5wtL_AhWzuJUCHZs8ALwQ0pQJegQICRAB\">Ba\u00eda Norte<\/a>, e que at\u00e9 recentemente era um dos mais ic\u00f4nicos espa\u00e7os de Florian\u00f3polis, <strong>o antigo <a href=\"https:\/\/www.google.com\/maps\/place\/Maria+do+Mar+Hotel\/@-27.4971314,-48.535074,12z\/data=!4m10!1m2!2m1!1shotel+maria+do+mar+florian%C3%B3polis!3m6!1s0x9527477d00ae732b:0xd2bcbaa6036deb39!8m2!3d-27.5547112!4d-48.5124287!15sCiFob3RlbCBtYXJpYSBkbyBtYXIgZmxvcmlhbsOzcG9saXNaIyIhaG90ZWwgbWFyaWEgZG8gbWFyIGZsb3JpYW7Ds3BvbGlzkgETaG91c2luZ19kZXZlbG9wbWVudJoBI0NoWkRTVWhOTUc5blMwVkpRMEZuU1VScE5tUnFhVmQzRUFF4AEA!16s%2Fg%2F1tjrr46y?entry=ttu\">Hotel Maria do Mar<\/a> vai sediar a CASACOR\/SC 2023.<\/strong> A mostra, com o tema \u201cCorpo &amp; Morada\u201d, abre ao p\u00fablico a partir de 16 de setembro e segue at\u00e9 29 de outubro, no bairro Jo\u00e3o Paulo, na Capital.<\/p>\n\n\n<div class=\"wp-block-image\">\n<figure class=\"aligncenter size-full is-resized\"><img decoding=\"async\" loading=\"lazy\" src=\"https:\/\/dimasconstrucoes.com.br\/blog\/wp-content\/uploads\/2023\/02\/materiais-casacor-20235-05-1.png\" alt=\"Hotel Maria do Mar, CASACOR\/SC\" class=\"wp-image-1016\" width=\"626\" height=\"253\" srcset=\"https:\/\/dimasconstrucoes.com.br\/blog\/wp-content\/uploads\/2023\/02\/materiais-casacor-20235-05-1.png 834w, https:\/\/dimasconstrucoes.com.br\/blog\/wp-content\/uploads\/2023\/02\/materiais-casacor-20235-05-1-400x162.png 400w, https:\/\/dimasconstrucoes.com.br\/blog\/wp-content\/uploads\/2023\/02\/materiais-casacor-20235-05-1-768x310.png 768w\" sizes=\"(max-width: 626px) 100vw, 626px\" \/><\/figure><\/div>\n\n\n<p>O espa\u00e7o que hoje pertence a <a href=\"https:\/\/www.dimasconstrucoes.com.br\/\" target=\"_blank\" rel=\"noreferrer noopener\">Dimas Constru\u00e7\u00f5es<\/a>, j\u00e1 foi palco de festas e casamentos da sociedade catarinense, ceder\u00e1 espa\u00e7o para um novo empreendimento residencial \u00e0 beira-mar. O projeto Dimas ser\u00e1 lan\u00e7ado em 2024 e tem assinatura do renomado arquiteto <a href=\"https:\/\/www.instagram.com\/nelsonteixeiranetto\/\">Nelson Teixeira.<\/a><br><\/p>\n\n\n\n<p><\/p>\n\n\n\n<figure class=\"wp-block-embed is-type-video is-provider-youtube wp-block-embed-youtube wp-embed-aspect-16-9 wp-has-aspect-ratio\"><div class=\"wp-block-embed__wrapper\">\n<iframe loading=\"lazy\" title=\"CASACOR \/SC 2023\" width=\"500\" height=\"281\" src=\"https:\/\/www.youtube.com\/embed\/YIMRlOTBMXg?feature=oembed\" frameborder=\"0\" allow=\"accelerometer; autoplay; clipboard-write; encrypted-media; gyroscope; picture-in-picture; web-share\" referrerpolicy=\"strict-origin-when-cross-origin\" allowfullscreen><\/iframe> \n<\/div><\/figure>\n\n\n\n<p><br>Uma das novidades desta edi\u00e7\u00e3o \u00e9 que as pessoas poder\u00e3o visitar a mostra catarinense e tamb\u00e9m se hospedar no local. Administrada pela plataforma de moradia por assinatura <a href=\"https:\/\/nstay.com.br\/\" target=\"_blank\" rel=\"noreferrer noopener\">NStay<\/a>, outra parte da edifica\u00e7\u00e3o estar\u00e1 dispon\u00edvel para reservas. \u201cSer\u00e1 uma experi\u00eancia \u00fanica poder se hospedar no mesmo local onde a <a href=\"https:\/\/dimasconstrucoes.com.br\/blog\/estilo-de-vida\/casacor-sc-2022-o-que-voce-precisar-saber-sobre-a-mostra-de-arquitetura-design-e-paisagismo\/\" target=\"_blank\" rel=\"noreferrer noopener\">CASACOR<\/a> est\u00e1 instalada e aproveitar o tempo para conhecer com calma cada projeto\u201d, diz o Diretor de Incorpora\u00e7\u00e3o da Dimas Constru\u00e7\u00f5es, Gabriel Freire.<\/p>\n\n\n<div class=\"wp-block-image\">\n<figure class=\"aligncenter size-full is-resized\"><img decoding=\"async\" loading=\"lazy\" src=\"https:\/\/dimasconstrucoes.com.br\/blog\/wp-content\/uploads\/2023\/02\/imag-mariadomar2_Prancheta-1.png\" alt=\"CASACOR\/SC 2023\" class=\"wp-image-1008\" width=\"626\" height=\"261\" srcset=\"https:\/\/dimasconstrucoes.com.br\/blog\/wp-content\/uploads\/2023\/02\/imag-mariadomar2_Prancheta-1.png 834w, https:\/\/dimasconstrucoes.com.br\/blog\/wp-content\/uploads\/2023\/02\/imag-mariadomar2_Prancheta-1-400x167.png 400w, https:\/\/dimasconstrucoes.com.br\/blog\/wp-content\/uploads\/2023\/02\/imag-mariadomar2_Prancheta-1-768x320.png 768w\" sizes=\"(max-width: 626px) 100vw, 626px\" \/><\/figure><\/div>\n\n\n<p>A CASACOR\/SC  volta ao calend\u00e1rio de duas cidades: <a href=\"https:\/\/www.google.com\/maps\/place\/Florian%C3%B3polis,+SC\/@-27.5705976,-48.7999323,10z\/data=!3m1!4b1!4m6!3m5!1s0x9527394eb2c632d7:0x81bc550b6a04c746!8m2!3d-27.5948036!4d-48.5569286!16s%2Fg%2F11bc6xlppd?entry=ttu\">Florian\u00f3polis<\/a> e <a href=\"https:\/\/www.google.com\/maps\/place\/Balne%C3%A1rio+Cambori%C3%BA,+SC\/@-27.0057922,-48.6581836,13z\/data=!3m1!4b1!4m6!3m5!1s0x94d8b65cc2e52aad:0x2dc004f5e6adebc4!8m2!3d-26.9979839!4d-48.63258!16s%2Fg%2F1ymvng0m1?entry=ttu\">Balne\u00e1rio Cambori\u00fa<\/a> &#8211; programada para o primeiro semestre de 2023. A tem\u00e1tica \u201cCorpo &amp; Morada\u201d inspira as cria\u00e7\u00f5es dos profissionais em todas as franquias do pa\u00eds e exibe<strong> a diversidade do morar, lan\u00e7amentos de mobili\u00e1rio e tecnologias que despontam no mercado global.<\/strong><\/p>\n","protected":false},"excerpt":{"rendered":"<p>Espa\u00e7o, que hoje pertence \u00e0 Dimas Constru\u00e7\u00f5es, ser\u00e1 palco da CASACOR\/ Santa&#8230;<\/p>\n","protected":false},"author":5,"featured_media":1024,"comment_status":"open","ping_status":"open","sticky":true,"template":"","format":"standard","meta":[],"categories":[3],"tags":[],"_links":{"self":[{"href":"https:\/\/dimasconstrucoes.com.br\/blog\/wp-json\/wp\/v2\/posts\/1000"}],"collection":[{"href":"https:\/\/dimasconstrucoes.com.br\/blog\/wp-json\/wp\/v2\/posts"}],"about":[{"href":"https:\/\/dimasconstrucoes.com.br\/blog\/wp-json\/wp\/v2\/types\/post"}],"author":[{"embeddable":true,"href":"https:\/\/dimasconstrucoes.com.br\/blog\/wp-json\/wp\/v2\/users\/5"}],"replies":[{"embeddable":true,"href":"https:\/\/dimasconstrucoes.com.br\/blog\/wp-json\/wp\/v2\/comments?post=1000"}],"version-history":[{"count":25,"href":"https:\/\/dimasconstrucoes.com.br\/blog\/wp-json\/wp\/v2\/posts\/1000\/revisions"}],"predecessor-version":[{"id":2105,"href":"https:\/\/dimasconstrucoes.com.br\/blog\/wp-json\/wp\/v2\/posts\/1000\/revisions\/2105"}],"wp:featuredmedia":[{"embeddable":true,"href":"https:\/\/dimasconstrucoes.com.br\/blog\/wp-json\/wp\/v2\/media\/1024"}],"wp:attachment":[{"href":"https:\/\/dimasconstrucoes.com.br\/blog\/wp-json\/wp\/v2\/media?parent=1000"}],"wp:term":[{"taxonomy":"category","embeddable":true,"href":"https:\/\/dimasconstrucoes.com.br\/blog\/wp-json\/wp\/v2\/categories?post=1000"},{"taxonomy":"post_tag","embeddable":true,"href":"https:\/\/dimasconstrucoes.com.br\/blog\/wp-json\/wp\/v2\/tags?post=1000"}],"curies":[{"name":"wp","href":"https:\/\/api.w.org\/{rel}","templated":true}]}}